{"id":90744,"global_id":"www.sp-ps.ch\/fr\/?id=90744","global_id_lineage":["www.sp-ps.ch\/fr\/?id=90744"],"author":"42","status":"publish","date":"2023-02-08 13:23:20","date_utc":"2023-02-08 12:23:20","modified":"2023-02-08 13:23:20","modified_utc":"2023-02-08 12:23:20","url":"https:\/\/www.sp-ps.ch\/fr\/agenda\/arretez-la-guerre-soutenez-lukraine\/","rest_url":"https:\/\/www.sp-ps.ch\/fr\/wp-json\/tribe\/events\/v1\/events\/90744","title":"Arr\u00eatez la guerre &#8211; soutenez l&#8217;Ukraine","description":"<p>Rassemblement zone pi\u00e9tonne du Mont-Blanc, marche jusqu&#8217;\u00e0 la Place de Neuve.<\/p>\n<p>&nbsp;<\/p>\n<p>Ort: Gen\u00e8ve, Zone pi\u00e9tonne du Mont-Blanc<\/p>\n<p>Organisiert durch: Comit\u00e9 Ukraine Gen\u00e8ve, Geneva Branche of Ukrainian society, Ukraine Reborn, Free Ukraine, Detinow<\/p>","excerpt":"","slug":"arretez-la-guerre-soutenez-lukraine","image":false,"all_day":false,"start_date":"2023-02-25 15:00:00","start_date_details":{"year":"2023","month":"02","day":"25","hour":"15","minutes":"00","seconds":"00"},"end_date":"2023-02-25 15:00:00","end_date_details":{"year":"2023","month":"02","day":"25","hour":"15","minutes":"00","seconds":"00"},"utc_start_date":"2023-02-25 14:00:00","utc_start_date_details":{"year":"2023","month":"02","day":"25","hour":"14","minutes":"00","seconds":"00"},"utc_end_date":"2023-02-25 14:00:00","utc_end_date_details":{"year":"2023","month":"02","day":"25","hour":"14","minutes":"00","seconds":"00"},"timezone":"Europe\/Zurich","timezone_abbr":"CET","cost":"","cost_details":{"currency_symbol":"","currency_code":"","currency_position":"prefix","values":[]},"website":"","show_map":false,"show_map_link":true,"hide_from_listings":false,"sticky":false,"featured":false,"categories":[],"tags":[{"name":"f\u00fcr den Frieden auf die Strasse","slug":"fuer-den-frieden-auf-die-strasse","term_group":0,"term_taxonomy_id":15516,"taxonomy":"post_tag","description":"","parent":0,"count":25,"filter":"raw","id":15516,"urls":{"self":"https:\/\/www.sp-ps.ch\/fr\/wp-json\/tribe\/events\/v1\/tags\/15516","collection":"https:\/\/www.sp-ps.ch\/fr\/wp-json\/tribe\/events\/v1\/tags"}}],"venue":[],"organizer":[],"custom_fields":[],"json_ld":{"@context":"http:\/\/schema.org","@type":"Event","name":"Arr\u00eatez la guerre &#8211; soutenez l&#8217;Ukraine","description":"&lt;p&gt;Rassemblement zone pi\u00e9tonne du Mont-Blanc, marche jusqu\\'\u00e0 la Place de Neuve. &nbsp; Ort: Gen\u00e8ve, Zone pi\u00e9tonne du Mont-Blanc Organisiert durch: Comit\u00e9 Ukraine Gen\u00e8ve, Geneva Branche of Ukrainian society, Ukraine Reborn, [&hellip;]&lt;\/p&gt;\\n","url":"https:\/\/www.sp-ps.ch\/fr\/agenda\/arretez-la-guerre-soutenez-lukraine\/","eventAttendanceMode":"https:\/\/schema.org\/OfflineEventAttendanceMode","eventStatus":"https:\/\/schema.org\/EventScheduled","startDate":"2023-02-25T15:00:00+01:00","endDate":"2023-02-25T15:00:00+01:00","performer":"Organization"},"is_virtual":false,"virtual_url":null,"virtual_video_source":""}