{"id":180178,"date":"2026-03-13T14:31:31","date_gmt":"2026-03-13T13:31:31","guid":{"rendered":"https:\/\/www.sp-ps.ch\/?p=180178"},"modified":"2026-03-13T14:31:48","modified_gmt":"2026-03-13T13:31:48","slug":"bilaterales-iii-la-stabilisation-et-le-developpement-des-relations-avec-lue-sont-une-urgence-geopolitique","status":"publish","type":"post","link":"https:\/\/www.sp-ps.ch\/fr\/artikel\/bilaterales-iii-la-stabilisation-et-le-developpement-des-relations-avec-lue-sont-une-urgence-geopolitique\/","title":{"rendered":"Bilat\u00e9rales III\u2009: la stabilisation et le d\u00e9veloppement des relations avec l\u2019UE sont une urgence g\u00e9opolitique"},"content":{"rendered":"\n<p><p><strong>Le Conseil f\u00e9d\u00e9ral a adopt\u00e9 aujourd\u2019hui son message sur les Bilat\u00e9rales\u00a0III. Le PS Suisse soutient le compromis \u00e9quilibr\u00e9 propos\u00e9 par le Conseil f\u00e9d\u00e9ral visant \u00e0 stabiliser les relations avec l\u2019UE. Celui-ci ne devra pas \u00eatre affaibli au Parlement, sous peine de compromettre la voie bilat\u00e9rale, qui est aujourd\u2019hui plus importante que jamais.<\/strong><\/p><\/p>\n\n<p><p>\u00ab\u2009La partie stabilisation actuelle des Bilat\u00e9rales\u00a0III est un compromis \u00e9quilibr\u00e9 qui garantit la protection des salaires et assure les relations avec l\u2019Europe\u2009\u00bb, d\u00e9clare C\u00e9dric Wermuth, co-pr\u00e9sident du PS Suisse. \u00ab\u2009Celles et ceux qui attaquent ce compromis par principe mettent en p\u00e9ril nos relations avec notre partenaire le plus important. Dans la situation g\u00e9opolitique actuelle, la voie bilat\u00e9rale est essentielle pour la Suisse.\u2009\u00bb<\/p><p>Des relations fiables avec l\u2019Union europ\u00e9enne garantissent des emplois, la recherche, la formation et l\u2019acc\u00e8s au march\u00e9 int\u00e9rieur europ\u00e9en. Pour le PS Suisse, il est donc clair que le Parlement doit maintenant aller de l\u2019avant rapidement. \u00ab\u2009Compte tenu de la situation g\u00e9opolitique actuelle, tout retard serait irresponsable et cr\u00e9erait une incertitude inutile\u2009\u00bb, d\u00e9clare le co-pr\u00e9sident du Groupe socialiste aux Chambres f\u00e9d\u00e9rales Samuel Bendahan. \u00ab\u2009Le compromis n\u00e9goci\u00e9 dans la partie stabilisation de l\u2019accord est sur la table, et le PS le soutient tel quel. Il faut maintenant que toutes les parties fassent preuve de la volont\u00e9 politique n\u00e9cessaire pour le faire avancer.\u2009\u00bb<\/p><p>Le 14\u00a0juin, dans les urnes, la Suisse sera face \u00e0 un choix capital\u2009: <a href=\"https:\/\/427412.eu2.cleverreach.com\/c\/115246547\/b7af2493122-tbuail\" data-mce-href=\"https:\/\/427412.eu2.cleverreach.com\/c\/115246547\/b7af2493122-tbuail\">stabilit\u00e9 ou chaos<\/a>. \u00ab\u2009L\u2019initiative extr\u00eame de l\u2019UDC impose la r\u00e9siliation des accords bilat\u00e9raux avec l\u2019UE. Il s\u2019agit d\u2019une atteinte au pouvoir d\u2019achat de la population\u2009: les PME exportatrices seront mises sous une pression particuli\u00e8rement forte, des emplois dispara\u00eetront et, sans les accords bilat\u00e9raux, la protection des salaires sera \u00e9galement remise en cause\u2009\u00bb, poursuit Samuel Bendahan. \u00ab\u2009Le PS continuera \u00e0 s\u2019engager r\u00e9solument pour le rejet de cette initiative extr\u00eame. Nous avons besoin de relations stables avec l\u2019Europe, et non d\u2019exp\u00e9rimentations politiques dangereuses.\u2009\u00bb<\/p><\/p>\n","protected":false},"excerpt":{"rendered":"<p>Le Conseil f\u00e9d\u00e9ral a adopt\u00e9 aujourd\u2019hui son message sur les Bilat\u00e9rales\u00a0III. Le PS Suisse soutient le compromis \u00e9quilibr\u00e9 propos\u00e9 par le Conseil f\u00e9d\u00e9ral visant \u00e0 stabiliser les relations avec l\u2019UE. [&hellip;]<\/p>\n","protected":false},"author":38,"featured_media":180176,"comment_status":"closed","ping_status":"closed","sticky":false,"template":"","format":"standard","meta":{"footnotes":""},"categories":[5183,461,5189],"tags":[],"cpt-channel":[2747],"class_list":["post-180178","post","type-post","status-publish","format-standard","has-post-thumbnail","hentry","category-bilaterales","category-europe-et-politique-etrangere","category-mesures-daccompagnement","cpt-channel-communiques-de-presse"],"_links":{"self":[{"href":"https:\/\/www.sp-ps.ch\/fr\/wp-json\/wp\/v2\/posts\/180178","targetHints":{"allow":["GET"]}}],"collection":[{"href":"https:\/\/www.sp-ps.ch\/fr\/wp-json\/wp\/v2\/posts"}],"about":[{"href":"https:\/\/www.sp-ps.ch\/fr\/wp-json\/wp\/v2\/types\/post"}],"author":[{"embeddable":true,"href":"https:\/\/www.sp-ps.ch\/fr\/wp-json\/wp\/v2\/users\/38"}],"replies":[{"embeddable":true,"href":"https:\/\/www.sp-ps.ch\/fr\/wp-json\/wp\/v2\/comments?post=180178"}],"version-history":[{"count":3,"href":"https:\/\/www.sp-ps.ch\/fr\/wp-json\/wp\/v2\/posts\/180178\/revisions"}],"predecessor-version":[{"id":180181,"href":"https:\/\/www.sp-ps.ch\/fr\/wp-json\/wp\/v2\/posts\/180178\/revisions\/180181"}],"wp:featuredmedia":[{"embeddable":true,"href":"https:\/\/www.sp-ps.ch\/fr\/wp-json\/wp\/v2\/media\/180176"}],"wp:attachment":[{"href":"https:\/\/www.sp-ps.ch\/fr\/wp-json\/wp\/v2\/media?parent=180178"}],"wp:term":[{"taxonomy":"category","embeddable":true,"href":"https:\/\/www.sp-ps.ch\/fr\/wp-json\/wp\/v2\/categories?post=180178"},{"taxonomy":"post_tag","embeddable":true,"href":"https:\/\/www.sp-ps.ch\/fr\/wp-json\/wp\/v2\/tags?post=180178"},{"taxonomy":"cpt-channel","embeddable":true,"href":"https:\/\/www.sp-ps.ch\/fr\/wp-json\/wp\/v2\/cpt-channel?post=180178"}],"curies":[{"name":"wp","href":"https:\/\/api.w.org\/{rel}","templated":true}]}}