{"id":180320,"date":"2026-03-16T19:37:40","date_gmt":"2026-03-16T18:37:40","guid":{"rendered":"https:\/\/www.sp-ps.ch\/?p=180320"},"modified":"2026-03-16T19:38:01","modified_gmt":"2026-03-16T18:38:01","slug":"un-nouveau-depart-pour-sortir-du-piege-de-lendettement-devient-realite","status":"publish","type":"post","link":"https:\/\/www.sp-ps.ch\/fr\/artikel\/un-nouveau-depart-pour-sortir-du-piege-de-lendettement-devient-realite\/","title":{"rendered":"Un nouveau d\u00e9part pour sortir du pi\u00e8ge de l\u2019endettement devient r\u00e9alit\u00e9"},"content":{"rendered":"\n<p><p><strong>Le Conseil des \u00c9tats a approuv\u00e9 aujourd\u2019hui le projet de loi pr\u00e9sent\u00e9 par le conseiller f\u00e9d\u00e9ral Beat Jans visant \u00e0 permettre un r\u00e8glement ordonn\u00e9 des dettes pour les particuliers. Il embo\u00eete ainsi le pas au Conseil national. Pour le PS Suisse, il s\u2019agit d\u2019une \u00e9tape d\u00e9cisive\u2009: des centaines de milliers de personnes d\u00e9sesp\u00e9r\u00e9ment endett\u00e9es se voient enfin offrir une v\u00e9ritable seconde chance. Cette r\u00e9forme met fin \u00e0 la spirale de l\u2019endettement, dans l\u2019int\u00e9r\u00eat des personnes concern\u00e9es, des cr\u00e9ancier-\u00e8res et de l\u2019ensemble de l\u2019\u00e9conomie.<\/strong><\/p><\/p>\n\n<p>Le surendettement touche les personnes apr\u00e8s une s\u00e9paration, une perte d\u2019emploi, une maladie ou un accident \u2014 personne n\u2019est \u00e0 l\u2019abri. \u00ab\u2009La d\u00e9cision d\u2019aujourd\u2019hui est un signal fort\u2009\u00bb, d\u00e9clare la conseill\u00e8re aux \u00c9tats socialiste Mathilde Crevoisier Crelier. \u00ab\u2009Quiconque est pr\u00eat-e \u00e0 vivre pendant une p\u00e9riode limit\u00e9e avec le minimum vital et \u00e0 ne pas contracter de nouvelles dettes verra ensuite le solde de ses dettes effac\u00e9. Ces personnes se voient offrir de r\u00e9elles perspectives d\u2019avenir et peuvent \u00e0 nouveau participer \u00e0 la vie sociale et \u00e9conomique.\u2009\u00bb<\/p>\n\n<p><p>Jusqu\u2019\u00e0 pr\u00e9sent, il manquait en Suisse une proc\u00e9dure structur\u00e9e permettant aux personnes concern\u00e9es de sortir du cercle vicieux des poursuites et des frais croissants. La modification de la loi, qui fait suite \u00e0 une motion de l\u2019ancien conseiller aux \u00c9tats socialiste Claude H\u00eache, comble cette lacune. Elle permet aux personnes concern\u00e9es de sortir de l\u2019aide sociale et prot\u00e8ge ainsi \u00e9galement leurs enfants et leurs familles. Les pouvoirs publics sont d\u00e9charg\u00e9s des co\u00fbts induits, et m\u00eame les cr\u00e9ancier-\u00e8res n\u2019en subissent aucun pr\u00e9judice\u2009: sans assainissement, le remboursement des dettes est de toute fa\u00e7on irr\u00e9aliste.<\/p><\/p>\n","protected":false},"excerpt":{"rendered":"<p>Le Conseil des \u00c9tats a approuv\u00e9 aujourd\u2019hui le projet de loi pr\u00e9sent\u00e9 par le conseiller f\u00e9d\u00e9ral Beat Jans visant \u00e0 permettre un r\u00e8glement ordonn\u00e9 des dettes pour les particuliers. Il [&hellip;]<\/p>\n","protected":false},"author":38,"featured_media":180319,"comment_status":"closed","ping_status":"closed","sticky":false,"template":"","format":"standard","meta":{"footnotes":""},"categories":[5301,5289,5290,5300],"tags":[],"cpt-channel":[2747],"class_list":["post-180320","post","type-post","status-publish","format-standard","has-post-thumbnail","hentry","category-aide-sociale","category-pauvrete","category-prestations-complementaires","category-securite-sociale-politique-sociale-et-assurances-sociales","cpt-channel-communiques-de-presse"],"_links":{"self":[{"href":"https:\/\/www.sp-ps.ch\/fr\/wp-json\/wp\/v2\/posts\/180320","targetHints":{"allow":["GET"]}}],"collection":[{"href":"https:\/\/www.sp-ps.ch\/fr\/wp-json\/wp\/v2\/posts"}],"about":[{"href":"https:\/\/www.sp-ps.ch\/fr\/wp-json\/wp\/v2\/types\/post"}],"author":[{"embeddable":true,"href":"https:\/\/www.sp-ps.ch\/fr\/wp-json\/wp\/v2\/users\/38"}],"replies":[{"embeddable":true,"href":"https:\/\/www.sp-ps.ch\/fr\/wp-json\/wp\/v2\/comments?post=180320"}],"version-history":[{"count":1,"href":"https:\/\/www.sp-ps.ch\/fr\/wp-json\/wp\/v2\/posts\/180320\/revisions"}],"predecessor-version":[{"id":180321,"href":"https:\/\/www.sp-ps.ch\/fr\/wp-json\/wp\/v2\/posts\/180320\/revisions\/180321"}],"wp:featuredmedia":[{"embeddable":true,"href":"https:\/\/www.sp-ps.ch\/fr\/wp-json\/wp\/v2\/media\/180319"}],"wp:attachment":[{"href":"https:\/\/www.sp-ps.ch\/fr\/wp-json\/wp\/v2\/media?parent=180320"}],"wp:term":[{"taxonomy":"category","embeddable":true,"href":"https:\/\/www.sp-ps.ch\/fr\/wp-json\/wp\/v2\/categories?post=180320"},{"taxonomy":"post_tag","embeddable":true,"href":"https:\/\/www.sp-ps.ch\/fr\/wp-json\/wp\/v2\/tags?post=180320"},{"taxonomy":"cpt-channel","embeddable":true,"href":"https:\/\/www.sp-ps.ch\/fr\/wp-json\/wp\/v2\/cpt-channel?post=180320"}],"curies":[{"name":"wp","href":"https:\/\/api.w.org\/{rel}","templated":true}]}}