{"id":182641,"date":"2026-04-27T17:14:50","date_gmt":"2026-04-27T15:14:50","guid":{"rendered":"https:\/\/www.sp-ps.ch\/?p=182641"},"modified":"2026-04-27T17:15:06","modified_gmt":"2026-04-27T15:15:06","slug":"initiative-sur-les-soins-infirmiers-le-conseil-national-doit-faire-respecter-la-volonte-populaire-en-faveur-de-meilleures-conditions-de-travail","status":"publish","type":"post","link":"https:\/\/www.sp-ps.ch\/fr\/artikel\/initiative-sur-les-soins-infirmiers-le-conseil-national-doit-faire-respecter-la-volonte-populaire-en-faveur-de-meilleures-conditions-de-travail\/","title":{"rendered":"Initiative sur les soins infirmiers\u2009: le Conseil national doit faire respecter la volont\u00e9 populaire en faveur de meilleures conditions de travail"},"content":{"rendered":"\n<p><p><strong>\u00c0 partir de demain, le Conseil national d\u00e9battra, lors d\u2019une session sp\u00e9ciale, de la loi f\u00e9d\u00e9rale sur les conditions de travail dans les soins infirmiers. La Commission de la s\u00e9curit\u00e9 sociale et de la sant\u00e9 publique du Conseil national (CSSS-N), charg\u00e9e de l\u2019examen pr\u00e9alable, a vid\u00e9 de sa substance, sur des points essentiels, le projet d\u00e9j\u00e0 minimaliste du Conseil f\u00e9d\u00e9ral. Le PS exige des corrections lors du pl\u00e9num et soutient l\u2019action des soignant-es, qui remettent aujourd\u2019hui \u00e0 Berne un appel accompagn\u00e9 de pr\u00e8s de 190\u2009000 signatures.<\/strong><\/p><\/p>\n\n<p><p>\u00ab\u2009La population a clairement dit oui \u00e0 de meilleures conditions de travail dans le secteur des soins \u2014 la commission en a fait une loi qui bafoue clairement ce mandat\u2009\u00bb, d\u00e9clare la conseill\u00e8re nationale et vice-pr\u00e9sidente du PS Suisse Val\u00e9rie Piller Carrard (FR). La majorit\u00e9 de droite de la CSSS-N a supprim\u00e9 la r\u00e9duction de la dur\u00e9e maximale du travail, a d\u00e9t\u00e9rior\u00e9 les indemnit\u00e9s pour les heures suppl\u00e9mentaires ainsi que pour le travail le dimanche et les jours f\u00e9ri\u00e9s, et a purement et simplement supprim\u00e9 les instruments d\u2019application, tels que le droit d\u2019action des associations. \u00ab\u2009Il faut maintenant des corrections en pl\u00e9ni\u00e8re \u2014 concernant les horaires de travail, les effectifs et le financement.\u2009\u00bb<\/p><p>Le personnel soignant travaille \u00e0 la limite\u2009: trop peu de personnel, des gardes trop longues, trop peu de repos, de lourdes responsabilit\u00e9s. \u00ab\u2009Dans ces conditions, le risque de probl\u00e8mes de sant\u00e9 et de burn-out chez le personnel augmente consid\u00e9rablement. Des \u00e9tudes montrent que les p\u00e9nuries de personnel augmentent le taux de complications et de mortalit\u00e9 chez les patient-es\u2009\u00bb, d\u00e9clare la conseill\u00e8re nationale socialiste Brigitte Crottaz (VD). \u00ab\u2009Cette \u00e9volution n\u2019est ni acceptable ni durable. Celles et ceux qui refusent de prendre des mesures d\u2019all\u00e8gement et suppriment les instruments de contr\u00f4le se prononcent sciemment contre les personnes qui s\u2019engagent jour et nuit pour nos soins.\u2009\u00bb<\/p><p>Le PS Suisse soutient le personnel soignant, qui accueillera aujourd\u2019hui \u00e0 12h45 les parlementaires devant le Palais f\u00e9d\u00e9ral. Son message est clair\u2009: l\u2019initiative sur les soins infirmiers qui, il y a cinq ans, a fait na\u00eetre l\u2019espoir de meilleures conditions de travail dans le secteur des soins doit enfin \u00eatre mise en \u0153uvre conform\u00e9ment \u00e0 la volont\u00e9 populaire\u2009!<\/p><\/p>\n","protected":false},"excerpt":{"rendered":"<p>\u00c0 partir de demain, le Conseil national d\u00e9battra, lors d\u2019une session sp\u00e9ciale, de la loi f\u00e9d\u00e9rale sur les conditions de travail dans les soins infirmiers. La Commission de la s\u00e9curit\u00e9 [&hellip;]<\/p>\n","protected":false},"author":38,"featured_media":182640,"comment_status":"closed","ping_status":"closed","sticky":false,"template":"","format":"standard","meta":{"footnotes":""},"categories":[4653,15460,464,5257,15446],"tags":[],"cpt-channel":[2747],"class_list":["post-182641","post","type-post","status-publish","format-standard","has-post-thumbnail","hentry","category-csss-n","category-pflege-fr","category-sante","category-soins-medicaux-de-base","category-spitalwesen-fr","cpt-channel-communiques-de-presse"],"_links":{"self":[{"href":"https:\/\/www.sp-ps.ch\/fr\/wp-json\/wp\/v2\/posts\/182641","targetHints":{"allow":["GET"]}}],"collection":[{"href":"https:\/\/www.sp-ps.ch\/fr\/wp-json\/wp\/v2\/posts"}],"about":[{"href":"https:\/\/www.sp-ps.ch\/fr\/wp-json\/wp\/v2\/types\/post"}],"author":[{"embeddable":true,"href":"https:\/\/www.sp-ps.ch\/fr\/wp-json\/wp\/v2\/users\/38"}],"replies":[{"embeddable":true,"href":"https:\/\/www.sp-ps.ch\/fr\/wp-json\/wp\/v2\/comments?post=182641"}],"version-history":[{"count":3,"href":"https:\/\/www.sp-ps.ch\/fr\/wp-json\/wp\/v2\/posts\/182641\/revisions"}],"predecessor-version":[{"id":182699,"href":"https:\/\/www.sp-ps.ch\/fr\/wp-json\/wp\/v2\/posts\/182641\/revisions\/182699"}],"wp:featuredmedia":[{"embeddable":true,"href":"https:\/\/www.sp-ps.ch\/fr\/wp-json\/wp\/v2\/media\/182640"}],"wp:attachment":[{"href":"https:\/\/www.sp-ps.ch\/fr\/wp-json\/wp\/v2\/media?parent=182641"}],"wp:term":[{"taxonomy":"category","embeddable":true,"href":"https:\/\/www.sp-ps.ch\/fr\/wp-json\/wp\/v2\/categories?post=182641"},{"taxonomy":"post_tag","embeddable":true,"href":"https:\/\/www.sp-ps.ch\/fr\/wp-json\/wp\/v2\/tags?post=182641"},{"taxonomy":"cpt-channel","embeddable":true,"href":"https:\/\/www.sp-ps.ch\/fr\/wp-json\/wp\/v2\/cpt-channel?post=182641"}],"curies":[{"name":"wp","href":"https:\/\/api.w.org\/{rel}","templated":true}]}}