{"id":183058,"date":"2026-04-30T15:40:55","date_gmt":"2026-04-30T13:40:55","guid":{"rendered":"https:\/\/www.sp-ps.ch\/?p=183058"},"modified":"2026-04-30T15:42:36","modified_gmt":"2026-04-30T13:42:36","slug":"initiative-pour-la-democratie-le-conseil-national-soppose-a-plus-de-democratie-et-a-un-droit-de-cite-moderne","status":"publish","type":"post","link":"https:\/\/www.sp-ps.ch\/fr\/artikel\/initiative-pour-la-democratie-le-conseil-national-soppose-a-plus-de-democratie-et-a-un-droit-de-cite-moderne\/","title":{"rendered":"Initiative pour la d\u00e9mocratie\u2009: le Conseil national s\u2019oppose \u00e0 plus de d\u00e9mocratie et \u00e0 un droit de cit\u00e9 moderne"},"content":{"rendered":"\t\t<div data-elementor-type=\"wp-post\" data-elementor-id=\"183058\" class=\"elementor elementor-183058\" data-elementor-post-type=\"post\">\n\t\t\t\t\t\t<section class=\"elementor-section elementor-top-section elementor-element elementor-element-b24e0e2 elementor-section-boxed elementor-section-height-default elementor-section-height-default\" data-id=\"b24e0e2\" data-element_type=\"section\" data-settings=\"{&quot;jet_parallax_layout_list&quot;:[]}\">\n\t\t\t\t\t\t<div class=\"elementor-container elementor-column-gap-default\">\n\t\t\t\t\t<div class=\"elementor-column elementor-col-100 elementor-top-column elementor-element elementor-element-41816c5\" data-id=\"41816c5\" data-element_type=\"column\">\n\t\t\t<div class=\"elementor-widget-wrap elementor-element-populated\">\n\t\t\t\t\t\t<div class=\"elementor-element elementor-element-06bf458 elementor-widget elementor-widget-text-editor\" data-id=\"06bf458\" data-element_type=\"widget\" data-widget_type=\"text-editor.default\">\n\t\t\t\t<div class=\"elementor-widget-container\">\n\t\t\t\t\t\t\t\t\t<p><strong>Le Conseil national a rejet\u00e9 l\u2019initiative pour la d\u00e9mocratie et tout contre-projet de naturalisation facilit\u00e9e pour la seconde g\u00e9n\u00e9ration. Le PS Suisse critique vivement cette d\u00e9cision r\u00e9trograde, qui maintient dans l\u2019arbitraire plus de 1,2 million de personnes qui vivent, travaillent et paient des imp\u00f4ts en Suisse. Le PS Suisse continuera de s\u2019engager pour un droit de cit\u00e9 moderne, qui renforce notre d\u00e9mocratie.<\/strong><\/p><p>\u00ab\u2009Aujourd\u2019hui, la naturalisation en Suisse est trop al\u00e9atoire. Les r\u00e8gles varient d\u2019un canton \u00e0 l\u2019autre, les frais sont in\u00e9gaux, les proc\u00e9dures souvent opaques\u2009\u00bb, d\u00e9clare le conseiller national socialiste Jean Tschopp (VD). \u00ab\u2009Des personnes n\u00e9es ici, qui y ont fait toute leur scolarit\u00e9 et qui n\u2019ont jamais connu d\u2019autre pays que la Suisse, se voient refuser la nationalit\u00e9 pour des raisons floues. Cette situation est inacceptable dans un \u00c9tat de droit.\u2009\u00bb<\/p><p>L\u2019initiative pour la d\u00e9mocratie demande des conditions objectives et mesurables en mati\u00e8re de naturalisation\u2009: un s\u00e9jour l\u00e9gal de cinq ans en Suisse, des connaissances de base dans une langue nationale, aucune condamnation \u00e0 une peine privative de libert\u00e9 de longue dur\u00e9e, et l\u2019absence de menace pour la s\u00e9curit\u00e9 int\u00e9rieure ou ext\u00e9rieure. Des crit\u00e8res clairs, comparables \u00e0 ce qui se pratique dans la grande majorit\u00e9 des pays europ\u00e9ens et qui favorisent l\u2019int\u00e9gration.<\/p><p>\u00ab\u2009Renforcer l\u2019adh\u00e9sion \u00e0 nos valeurs d\u00e9mocratiques n\u2019est jamais un recul. C\u2019est un moyen de renforcer la Suisse\u2009\u00bb, poursuit Jean Tschopp. \u00ab\u2009Il est incompr\u00e9hensible que ce Parlement aille jusqu\u2019\u00e0 combattre toute naturalisation facilit\u00e9e de la seconde g\u00e9n\u00e9ration de personnes qui ont toujours v\u00e9cu en Suisse. Nous continuerons \u00e0 nous engager en faveur d\u2019un droit de cit\u00e9 moderne.\u2009\u00bb<\/p>\t\t\t\t\t\t\t\t<\/div>\n\t\t\t\t<\/div>\n\t\t\t\t\t<\/div>\n\t\t<\/div>\n\t\t\t\t\t<\/div>\n\t\t<\/section>\n\t\t\t\t<\/div>\n\t\t","protected":false},"excerpt":{"rendered":"<p>Le Conseil national a rejet\u00e9 l\u2019initiative pour la d\u00e9mocratie et tout contre-projet de naturalisation facilit\u00e9e pour la seconde g\u00e9n\u00e9ration. Le PS Suisse critique vivement cette d\u00e9cision r\u00e9trograde, qui maintient dans [&hellip;]<\/p>\n","protected":false},"author":12,"featured_media":87244,"comment_status":"closed","ping_status":"closed","sticky":false,"template":"","format":"standard","meta":{"footnotes":""},"categories":[16272,458],"tags":[],"cpt-channel":[2747],"class_list":["post-183058","post","type-post","status-publish","format-standard","has-post-thumbnail","hentry","category-inclusion","category-migration-et-integration","cpt-channel-communiques-de-presse"],"_links":{"self":[{"href":"https:\/\/www.sp-ps.ch\/fr\/wp-json\/wp\/v2\/posts\/183058","targetHints":{"allow":["GET"]}}],"collection":[{"href":"https:\/\/www.sp-ps.ch\/fr\/wp-json\/wp\/v2\/posts"}],"about":[{"href":"https:\/\/www.sp-ps.ch\/fr\/wp-json\/wp\/v2\/types\/post"}],"author":[{"embeddable":true,"href":"https:\/\/www.sp-ps.ch\/fr\/wp-json\/wp\/v2\/users\/12"}],"replies":[{"embeddable":true,"href":"https:\/\/www.sp-ps.ch\/fr\/wp-json\/wp\/v2\/comments?post=183058"}],"version-history":[{"count":4,"href":"https:\/\/www.sp-ps.ch\/fr\/wp-json\/wp\/v2\/posts\/183058\/revisions"}],"predecessor-version":[{"id":183064,"href":"https:\/\/www.sp-ps.ch\/fr\/wp-json\/wp\/v2\/posts\/183058\/revisions\/183064"}],"wp:featuredmedia":[{"embeddable":true,"href":"https:\/\/www.sp-ps.ch\/fr\/wp-json\/wp\/v2\/media\/87244"}],"wp:attachment":[{"href":"https:\/\/www.sp-ps.ch\/fr\/wp-json\/wp\/v2\/media?parent=183058"}],"wp:term":[{"taxonomy":"category","embeddable":true,"href":"https:\/\/www.sp-ps.ch\/fr\/wp-json\/wp\/v2\/categories?post=183058"},{"taxonomy":"post_tag","embeddable":true,"href":"https:\/\/www.sp-ps.ch\/fr\/wp-json\/wp\/v2\/tags?post=183058"},{"taxonomy":"cpt-channel","embeddable":true,"href":"https:\/\/www.sp-ps.ch\/fr\/wp-json\/wp\/v2\/cpt-channel?post=183058"}],"curies":[{"name":"wp","href":"https:\/\/api.w.org\/{rel}","templated":true}]}}