{"id":56722,"date":"2018-05-01T00:00:00","date_gmt":"2018-04-30T22:00:00","guid":{"rendered":"https:\/\/test.sp-ps.ch\/artikel\/discours-du-1er-mai-2018-a-locarno-ti\/"},"modified":"2022-08-14T09:47:45","modified_gmt":"2022-08-14T07:47:45","slug":"discours-du-1er-mai-2018-a-locarno-ti","status":"publish","type":"post","link":"https:\/\/www.sp-ps.ch\/fr\/artikel\/discours-du-1er-mai-2018-a-locarno-ti\/","title":{"rendered":"Discours du 1er mai 2018 \u00e0 Locarno (TI)"},"content":{"rendered":"\t\t<div data-elementor-type=\"wp-post\" data-elementor-id=\"56722\" class=\"elementor elementor-56722\" data-elementor-post-type=\"post\">\n\t\t\t\t\t\t<section class=\"elementor-section elementor-top-section elementor-element elementor-element-62f3ca6106533 elementor-section-boxed elementor-section-height-default elementor-section-height-default\" data-id=\"62f3ca6106533\" data-element_type=\"section\" data-settings=\"{&quot;jet_parallax_layout_list&quot;:[]}\">\n\t\t\t\t\t\t<div class=\"elementor-container elementor-column-gap-no\">\n\t\t\t\t\t<div class=\"elementor-column elementor-col-100 elementor-top-column elementor-element elementor-element-62f3ca6106535\" data-id=\"62f3ca6106535\" data-element_type=\"column\">\n\t\t\t<div class=\"elementor-widget-wrap elementor-element-populated\">\n\t\t\t\t\t\t<div class=\"elementor-element elementor-element-62f3ca6104ccd elementor-widget elementor-widget-text-editor\" data-id=\"62f3ca6104ccd\" data-element_type=\"widget\" data-widget_type=\"text-editor.default\">\n\t\t\t\t<div class=\"elementor-widget-container\">\n\t\t\t\t\t\t\t\t\t<p>In questi 100 anni, migliaia di donne e uomini in questo paese si sono impegnati su pi&ugrave; fronti per pi&ugrave; diritti, per salari dignitosi, per il diritto a un lavoro e contro la precariet&agrave;. Diritti che ogni giorno sono messi in discussione da un&rsquo;economia e politica sempre pi&ugrave; arrogante.&nbsp;<p>Tra queste persone che lottano per i loro diritti, ci siete anche voi, lavoratori e lavoratrici della navigazione su lago Maggiore, che con coraggio avete scioperato in difesa dei vostri posti di lavoro e del servizio pubblico. Cari marinai, grazie alla vostra determinazione avete avuto la popolazione al vostro fianco e avete smosso la politica per trovare una soluzione. Una lotta che ha raggiunto un traguardo, la nascita del consorzio, ma che vi vede giustamente impegnati per una battaglia altrettanto importante che &egrave; quella per il contratto collettivo. Noi oggi siamo al vostro fianco, cos&igrave; come siamo accanto oggi e lo eravamo dieci anni fa ai lavoratori e alle lavoratrici delle officine FFS di Bellinzona e cos&igrave; come siamo solidali con i dipendenti dell&rsquo;ATS, che a loro volta lottano per i posti di lavoro e contro lo smantellamento di un servizio d&rsquo;informazione indipendente. Come dobbiamo essere solidali con tutte e tutti le lavoratrici e i lavoratori che ogni giorno vedono messi in discussione i loro diritti.<\/p><p>Anche tutte e tutti coloro che domenica hanno detto di No a privilegi fiscali a favore di grandi aziende e persone facoltose hanno mostrato coraggio e determinazione. La scarsa partecipazione al voto e il risicato si, non bastano a mettere in discussione un risultato comunque significativo, che mostra la necessit&agrave; di combattere le crescenti disuguaglianze. Quasi il 50% dei votanti ha detto di No a regali a chi non ne han bisogno. Da qui, da questo risultato dobbiamo ripartire. &nbsp;<\/p><p><strong>Uniti dobbiamo lottare per salari dignitosi, per estendere i contratti collettivi, per combattere la precariet&agrave;<\/strong>che si manifesta sempre pi&ugrave; sotto forma di un aumento di contratti atipici, del lavoro su chiamata e interinale.&nbsp;<strong>Assieme dobbiamo batterci per&nbsp;&nbsp;difendere il potere d&rsquo;acquisto della popolazione, diminuendo costi crescenti come quello degli affitti e dei premi cassa malati e garantire a tutte e tutti salari dignitosi.&nbsp;<\/strong>Una partita quest&rsquo;ultima che si giocher&agrave; gioco forza sull&rsquo;introduzione di una salario minimo degno di questo nome. Intanto mobilitiamoci con forza per raccogliere rapidamente le firme per l&rsquo;introduzione del formulario ufficiale&nbsp;quando si firma un nuovo&nbsp;contratto di affitto, che permetter&agrave; pi&ugrave; trasparenza e aiuter&agrave; a combattere gli aumenti eccessivi delle pigioni.&nbsp;<\/p><p>Facciamo sentire la nostra voce contro l &lsquo;aumento dei continuo dei premi cassa malati. L&rsquo;assicurazione malattia obbligatoria si basa su premi ingiusti indipendenti dal reddito dove il milionario, oltre a beneficiare di sgravi fiscali, paga lo stesso premio di uno di voi che &egrave; costretto a scioperare per garantire il suo posto di lavoro. I premi cassa malati sono esplosi e non sono poche quelle economie domestiche per le quali i premi arrivano al 20% del reddito disponibile. Dal 1997 i premi sono raddoppiati, mentre i salari reali faticano a tenere il passo con questo andamento. Ecco perch&eacute;&nbsp;<strong>non accetteremo passivamente la decisione della maggioranza borghese al Parlamento federale di aumentare le franchigie, mentre gli assicurati si assumono il 27% dei costi tra franchigia, partecipazione ai costi e cure non coperte dall&rsquo;assicurazione di base, cure dentarie comprese. Dobbiamo limitare l&rsquo;incidenza dei premi cassa malati al 10% del reddito disponibile, come chiede l&rsquo;iniziativa popolare del Partito Socialista Svizzero che sar&agrave; lanciata nei prossimi mesi.<\/strong><\/p><p>Oggi come gi&agrave; nel 1918 a scendere in piazza ci sono anche le donne. Donne, che ancora oggi ancora guadagnano meno degli uomini e si occupano della gran parte del lavoro di cura. Il 60% del lavoro non pagato, per le cure dei figli, delle persone anziane o ammalate, &egrave; infatti fatto gratuitamente dalle donne. Da 37 anni nella nostra&nbsp;Costituzione &egrave; sancita la parit&agrave; salariale tra donne e uomini.&nbsp;<em>Il 14 giugno 1981, infatti il popolo svizzero e i Cantoni avevano accettato di ancorare nella Costituzione il principio della parit&agrave; tra uomo e donna: &ldquo;Uomo e donna hanno uguali diritti. Le legge ne assicura l&rsquo;uguaglianza soprattutto per quanto concerne la famiglia, l&rsquo;istruzione e il lavoro. Uomo e donna hanno diritto a una retribuzione uguale per un lavoro di pari valore&rdquo;.<\/em>Da 22 anni la legge sulla parit&agrave; prevede a parit&agrave; di lavoro lo stesso salario. La realt&agrave; &egrave; per&ograve; ben&nbsp;diversa: le donne guadagnano il 18% in meno degli uomini, in media 600 franchi in meno, e il 40% di questa differenza salariale &egrave; dovuta a un chiara discriminazione delle donne rispetto agli uomini.<strong>&Egrave; inammissibile che una maggioranza di uomini al Consiglio degli Stati abbia deciso di non introdurre dei minimi controlli nelle aziende per verificare il rispetto di un nostro diritto come la parit&agrave; salariale!&nbsp;<\/strong><\/p><p><strong>Oggi, 1. Maggio in tutta la Svizzera noi donne, assieme a tanti uomini lo diremo con forza: sulla parit&agrave; salariale non si discute. Parit&agrave; salariale subito. Punto e basta.<\/strong><\/p><p><em>#YoTeCreo<\/em>In questi giorni migliaia di donne sono scese in strada in spagna per dire di No alla giustizia patriarcale che incolpa le donne vittime di violenza e stupro. La violenza contro donne &egrave; purtroppo una triste realt&agrave; anche da noi.&nbsp;&nbsp;<\/p><p>Per la parit&agrave; salariale, contro gli stereotipi di genere e contro la violenza sulle donne scenderemo in piazza anche noi il 22 settembre a Berna per una grande manifestazione convocata dai movimenti delle donne, dai sindacati e dai partiti di sinistra.&nbsp;<strong>&Egrave; giunto il momento di ripetere il 14 giugno 1991, quando mezzo milione di donne in Svizzera incrociarono le braccia. Per dirlo con lo slogan di allora: perch&eacute; quando le donne vogliono tutto si ferma<\/strong>.&nbsp;<\/p><p><strong>Salari dignitosi, giustizia sociale, redistribuzione della ricchezza e parit&agrave; salariale. E ci&ograve; che vogliamo e che ci spetta. Non ci lasceremo mettere in un angolo<\/strong>!<\/p><\/p>\n\t\t\t\t\t\t\t\t<\/div>\n\t\t\t\t<\/div>\n\t\t\t\t\t<\/div>\n\t\t<\/div>\n\t\t\t\t\t<\/div>\n\t\t<\/section>\n\t\t\t\t<\/div>\n\t\t","protected":false},"excerpt":{"rendered":"<p>Nel novembre 1918, 250&#8217;000 persone hanno avuto il coraggio di abbandonare il lavoro e di lottare assieme per una Svizzera pi\u00f9 sociale, chiedendo pi\u00f9 partecipazione politica, pi\u00f9 sicurezza e giustizia sociale. Era lo sciopero generale del quale quest\u2019anno festeggeremo il centesimo anniversario.<\/p>\n","protected":false},"author":1,"featured_media":0,"comment_status":"open","ping_status":"closed","sticky":false,"template":"","format":"standard","meta":{"footnotes":""},"categories":[2],"tags":[],"cpt-channel":[2750],"class_list":["post-56722","post","type-post","status-publish","format-standard","hentry","category-non-classifiee","cpt-channel-lignes-rouges"],"_links":{"self":[{"href":"https:\/\/www.sp-ps.ch\/fr\/wp-json\/wp\/v2\/posts\/56722","targetHints":{"allow":["GET"]}}],"collection":[{"href":"https:\/\/www.sp-ps.ch\/fr\/wp-json\/wp\/v2\/posts"}],"about":[{"href":"https:\/\/www.sp-ps.ch\/fr\/wp-json\/wp\/v2\/types\/post"}],"author":[{"embeddable":true,"href":"https:\/\/www.sp-ps.ch\/fr\/wp-json\/wp\/v2\/users\/1"}],"replies":[{"embeddable":true,"href":"https:\/\/www.sp-ps.ch\/fr\/wp-json\/wp\/v2\/comments?post=56722"}],"version-history":[{"count":1,"href":"https:\/\/www.sp-ps.ch\/fr\/wp-json\/wp\/v2\/posts\/56722\/revisions"}],"predecessor-version":[{"id":69694,"href":"https:\/\/www.sp-ps.ch\/fr\/wp-json\/wp\/v2\/posts\/56722\/revisions\/69694"}],"wp:attachment":[{"href":"https:\/\/www.sp-ps.ch\/fr\/wp-json\/wp\/v2\/media?parent=56722"}],"wp:term":[{"taxonomy":"category","embeddable":true,"href":"https:\/\/www.sp-ps.ch\/fr\/wp-json\/wp\/v2\/categories?post=56722"},{"taxonomy":"post_tag","embeddable":true,"href":"https:\/\/www.sp-ps.ch\/fr\/wp-json\/wp\/v2\/tags?post=56722"},{"taxonomy":"cpt-channel","embeddable":true,"href":"https:\/\/www.sp-ps.ch\/fr\/wp-json\/wp\/v2\/cpt-channel?post=56722"}],"curies":[{"name":"wp","href":"https:\/\/api.w.org\/{rel}","templated":true}]}}