{"id":180565,"date":"2026-03-19T10:12:31","date_gmt":"2026-03-19T09:12:31","guid":{"rendered":"https:\/\/www.sp-ps.ch\/artikel\/taxe-aux-urgences-hospitalieres-le-conseil-national-fait-un-pas-de-plus-vers-une-medecine-a-deux-vitesses\/"},"modified":"2026-03-19T10:12:38","modified_gmt":"2026-03-19T09:12:38","slug":"taxe-aux-urgences-hospitalieres-le-conseil-national-fait-un-pas-de-plus-vers-une-medecine-a-deux-vitesses","status":"publish","type":"post","link":"https:\/\/www.sp-ps.ch\/it\/artikel\/taxe-aux-urgences-hospitalieres-le-conseil-national-fait-un-pas-de-plus-vers-une-medecine-a-deux-vitesses\/","title":{"rendered":"Taxe aux urgences hospitali\u00e8res\u2009: le Conseil national fait un pas de plus vers une m\u00e9decine \u00e0 deux vitesses"},"content":{"rendered":"\t\t<div data-elementor-type=\"wp-post\" data-elementor-id=\"180565\" class=\"elementor elementor-180565 elementor-180563\" data-elementor-post-type=\"post\">\n\t\t\t\t\t\t<section class=\"elementor-section elementor-top-section elementor-element elementor-element-f3a0ea8 elementor-section-boxed elementor-section-height-default elementor-section-height-default\" data-id=\"f3a0ea8\" data-element_type=\"section\" data-settings=\"{&quot;jet_parallax_layout_list&quot;:[]}\">\n\t\t\t\t\t\t<div class=\"elementor-container elementor-column-gap-default\">\n\t\t\t\t\t<div class=\"elementor-column elementor-col-100 elementor-top-column elementor-element elementor-element-38df290\" data-id=\"38df290\" data-element_type=\"column\">\n\t\t\t<div class=\"elementor-widget-wrap elementor-element-populated\">\n\t\t\t\t\t\t<div class=\"elementor-element elementor-element-352f817 elementor-widget elementor-widget-text-editor\" data-id=\"352f817\" data-element_type=\"widget\" data-widget_type=\"text-editor.default\">\n\t\t\t\t<div class=\"elementor-widget-container\">\n\t\t\t\t\t\t\t\t\t<p><strong>Le Conseil national souhaite introduire une taxe de 50 francs pour les urgences hospitali\u00e8res. Le PS Suisse rejette cat\u00e9goriquement ce projet. Cette taxe entra\u00eenera des co\u00fbts suppl\u00e9mentaires \u00e9lev\u00e9s et un v\u00e9ritable chaos administratif dans les h\u00f4pitaux. Apr\u00e8s l\u2019augmentation de la franchise minimale, ce projet constitue en outre un pas de plus vers une m\u00e9decine \u00e0 deux vitesses. Le Conseil des \u00c9tats doit d\u00e9sormais corriger cette d\u00e9cision.<\/strong><\/p>\n<p>\u00ab\u2009Cette taxe touche une nouvelle fois les plus d\u00e9muni-es\u2009: les personnes \u00e0 faibles revenus, les retrait\u00e9-es et les malades chroniques\u2009\u00bb, d\u00e9clare la conseill\u00e8re nationale socialiste Brigitte Crottaz (VD). Beaucoup de personnes renonceront \u00e0 des traitements m\u00e9dicaux indispensables pour des raisons financi\u00e8res. \u00ab\u2009Cette taxe a un effet dissuasif. Elle conduit les gens \u00e0 consulter trop tard en cas de doute, ce qui entra\u00eene des risques pour la sant\u00e9 et des co\u00fbts induits plus \u00e9lev\u00e9s.\u2009\u00bb<\/p>\n<p>\u00ab\u2009Ce texte entra\u00eenera des co\u00fbts suppl\u00e9mentaires \u00e9lev\u00e9s en raison de l\u2019\u00e9norme charge administrative qu\u2019il implique. Parall\u00e8lement, il renforce les in\u00e9galit\u00e9s entre les gens\u2009: personne ne devrait avoir \u00e0 se demander si elle ou il peut se permettre de recourir \u00e0 une aide m\u00e9dicale\u2009\u00bb, d\u00e9clare la conseill\u00e8re nationale et vice-pr\u00e9sidente du PS Suisse Val\u00e9rie Piller Carrard (FR). \u00ab\u2009Le Conseil des \u00c9tats doit d\u00e9sormais rejeter ce monstre bureaucratique qui conduit \u00e0 une m\u00e9decine \u00e0 deux vitesses.\u2009\u00bb<\/p>\n\t\t\t\t\t\t\t\t<\/div>\n\t\t\t\t<\/div>\n\t\t\t\t\t<\/div>\n\t\t<\/div>\n\t\t\t\t\t<\/div>\n\t\t<\/section>\n\t\t\t\t<\/div>\n\t\t","protected":false},"excerpt":{"rendered":"<p>Le Conseil national souhaite introduire une taxe de 50 francs pour les urgences hospitali\u00e8res. Le PS Suisse rejette cat\u00e9goriquement ce projet. Cette taxe entra\u00eenera des co\u00fbts suppl\u00e9mentaires \u00e9lev\u00e9s et un [&hellip;]<\/p>\n","protected":false},"author":9,"featured_media":158717,"comment_status":"closed","ping_status":"closed","sticky":false,"template":"","format":"standard","meta":{"footnotes":""},"categories":[463,464],"tags":[],"cpt-channel":[15377],"class_list":["post-180565","post","type-post","status-publish","format-standard","has-post-thumbnail","hentry","category-gesundheit","category-sante","cpt-channel-comunicato-stampa"],"_links":{"self":[{"href":"https:\/\/www.sp-ps.ch\/it\/wp-json\/wp\/v2\/posts\/180565","targetHints":{"allow":["GET"]}}],"collection":[{"href":"https:\/\/www.sp-ps.ch\/it\/wp-json\/wp\/v2\/posts"}],"about":[{"href":"https:\/\/www.sp-ps.ch\/it\/wp-json\/wp\/v2\/types\/post"}],"author":[{"embeddable":true,"href":"https:\/\/www.sp-ps.ch\/it\/wp-json\/wp\/v2\/users\/9"}],"replies":[{"embeddable":true,"href":"https:\/\/www.sp-ps.ch\/it\/wp-json\/wp\/v2\/comments?post=180565"}],"version-history":[{"count":1,"href":"https:\/\/www.sp-ps.ch\/it\/wp-json\/wp\/v2\/posts\/180565\/revisions"}],"predecessor-version":[{"id":180566,"href":"https:\/\/www.sp-ps.ch\/it\/wp-json\/wp\/v2\/posts\/180565\/revisions\/180566"}],"wp:featuredmedia":[{"embeddable":true,"href":"https:\/\/www.sp-ps.ch\/it\/wp-json\/wp\/v2\/media\/158717"}],"wp:attachment":[{"href":"https:\/\/www.sp-ps.ch\/it\/wp-json\/wp\/v2\/media?parent=180565"}],"wp:term":[{"taxonomy":"category","embeddable":true,"href":"https:\/\/www.sp-ps.ch\/it\/wp-json\/wp\/v2\/categories?post=180565"},{"taxonomy":"post_tag","embeddable":true,"href":"https:\/\/www.sp-ps.ch\/it\/wp-json\/wp\/v2\/tags?post=180565"},{"taxonomy":"cpt-channel","embeddable":true,"href":"https:\/\/www.sp-ps.ch\/it\/wp-json\/wp\/v2\/cpt-channel?post=180565"}],"curies":[{"name":"wp","href":"https:\/\/api.w.org\/{rel}","templated":true}]}}