{"id":183074,"date":"2026-04-30T15:49:22","date_gmt":"2026-04-30T13:49:22","guid":{"rendered":"https:\/\/www.sp-ps.ch\/artikel\/iniziativa-per-la-democrazia-il-consiglio-nazionale-si-oppone-a-piu-democrazia-e-a-un-diritto-di-cittadinanza-moderno\/"},"modified":"2026-04-30T15:49:22","modified_gmt":"2026-04-30T13:49:22","slug":"iniziativa-per-la-democrazia-il-consiglio-nazionale-si-oppone-a-piu-democrazia-e-a-un-diritto-di-cittadinanza-moderno","status":"publish","type":"post","link":"https:\/\/www.sp-ps.ch\/it\/artikel\/iniziativa-per-la-democrazia-il-consiglio-nazionale-si-oppone-a-piu-democrazia-e-a-un-diritto-di-cittadinanza-moderno\/","title":{"rendered":"Iniziativa per la democrazia: il Consiglio nazionale si oppone a pi\u00f9 democrazia e a un diritto di cittadinanza moderno"},"content":{"rendered":"\t\t<div data-elementor-type=\"wp-post\" data-elementor-id=\"183074\" class=\"elementor elementor-183074 elementor-183067\" data-elementor-post-type=\"post\">\n\t\t\t\t\t\t<section class=\"elementor-section elementor-top-section elementor-element elementor-element-b24e0e2 elementor-section-boxed elementor-section-height-default elementor-section-height-default\" data-id=\"b24e0e2\" data-element_type=\"section\" data-settings=\"{&quot;jet_parallax_layout_list&quot;:[]}\">\n\t\t\t\t\t\t<div class=\"elementor-container elementor-column-gap-default\">\n\t\t\t\t\t<div class=\"elementor-column elementor-col-100 elementor-top-column elementor-element elementor-element-41816c5\" data-id=\"41816c5\" data-element_type=\"column\">\n\t\t\t<div class=\"elementor-widget-wrap elementor-element-populated\">\n\t\t\t\t\t\t<div class=\"elementor-element elementor-element-06bf458 elementor-widget elementor-widget-text-editor\" data-id=\"06bf458\" data-element_type=\"widget\" data-widget_type=\"text-editor.default\">\n\t\t\t\t<div class=\"elementor-widget-container\">\n\t\t\t\t\t\t\t\t\t<p><strong>Der Nationalrat hat die Demokratie-Initiative ohne Gegenvorschlag abgelehnt. Die SP Schweiz kritisiert diesen r\u00fcckw\u00e4rtsgewandten Entscheid scharf: Er bel\u00e4sst \u00fcber 1.2 Millionen Menschen, die in der Schweiz leben, arbeiten und Steuern zahlen, in einem Zustand der Willk\u00fcr. Die SP Schweiz wird sich weiterhin f\u00fcr ein modernes B\u00fcrgerrecht einsetzen, das unsere Demokratie st\u00e4rkt.<\/strong><\/p><p>\u00abHeute gleicht die Einb\u00fcrgerung in der Schweiz einer Lotterie. Die Regeln unterscheiden sich von Kanton zu Kanton, die Geb\u00fchren sind uneinheitlich, die Verfahren intransparent\u00bb, sagt SP-Nationalr\u00e4tin Nina Schl\u00e4fli. \u00abMenschen, die hier geboren wurden, ihre gesamte Schulzeit hier verbracht haben und kein anderes Land als die Schweiz kennen, wird die Staatsb\u00fcrgerschaft oft aus nicht nachvollziehbaren Gr\u00fcnden verweigert. Diese Situation ist in einem Rechtsstaat nicht akzeptabel.\u00bb<\/p><p>Die Demokratie-Initiative fordert objektive und messbare Kriterien f\u00fcr die Einb\u00fcrgerung: einen rechtm\u00e4ssigen Aufenthalt von f\u00fcnf Jahren in der Schweiz, Grundkenntnisse in einer Landessprache, keine Verurteilung zu einer l\u00e4ngeren Freiheitsstrafe sowie keine Gef\u00e4hrdung der inneren oder \u00e4usseren Sicherheit. Klare Kriterien also, wie sie in der grossen Mehrheit der europ\u00e4ischen L\u00e4nder \u00fcblich sind.<\/p><p>\u00abDiese Abstimmung legt eine Realit\u00e4t offen, die von gewissen Kreisen inzwischen offen vertreten wird: Jede Form von Integration und jede Erleichterung der Einb\u00fcrgerung wird grunds\u00e4tzlich abgelehnt\u00bb, so SP-Nationalrat Arb\u00ebr Bullakaj weiter. \u00abEine Demokratie, in der drei Viertel der Bev\u00f6lkerung \u00fcber das Schicksal des verbleibenden Viertels entscheiden, ist keine echte Demokratie. Wir werden uns weiterhin f\u00fcr ein modernes B\u00fcrgerrecht einsetzen.\u00bb<\/p>\t\t\t\t\t\t\t\t<\/div>\n\t\t\t\t<\/div>\n\t\t\t\t\t<\/div>\n\t\t<\/div>\n\t\t\t\t\t<\/div>\n\t\t<\/section>\n\t\t\t\t<\/div>\n\t\t","protected":false},"excerpt":{"rendered":"","protected":false},"author":12,"featured_media":87245,"comment_status":"closed","ping_status":"closed","sticky":false,"template":"","format":"standard","meta":{"footnotes":""},"categories":[16273,15531],"tags":[],"cpt-channel":[15377],"class_list":["post-183074","post","type-post","status-publish","format-standard","has-post-thumbnail","hentry","category-inclusione","category-migrazione-e-integrazione","cpt-channel-comunicato-stampa"],"_links":{"self":[{"href":"https:\/\/www.sp-ps.ch\/it\/wp-json\/wp\/v2\/posts\/183074","targetHints":{"allow":["GET"]}}],"collection":[{"href":"https:\/\/www.sp-ps.ch\/it\/wp-json\/wp\/v2\/posts"}],"about":[{"href":"https:\/\/www.sp-ps.ch\/it\/wp-json\/wp\/v2\/types\/post"}],"author":[{"embeddable":true,"href":"https:\/\/www.sp-ps.ch\/it\/wp-json\/wp\/v2\/users\/12"}],"replies":[{"embeddable":true,"href":"https:\/\/www.sp-ps.ch\/it\/wp-json\/wp\/v2\/comments?post=183074"}],"version-history":[{"count":0,"href":"https:\/\/www.sp-ps.ch\/it\/wp-json\/wp\/v2\/posts\/183074\/revisions"}],"wp:featuredmedia":[{"embeddable":true,"href":"https:\/\/www.sp-ps.ch\/it\/wp-json\/wp\/v2\/media\/87245"}],"wp:attachment":[{"href":"https:\/\/www.sp-ps.ch\/it\/wp-json\/wp\/v2\/media?parent=183074"}],"wp:term":[{"taxonomy":"category","embeddable":true,"href":"https:\/\/www.sp-ps.ch\/it\/wp-json\/wp\/v2\/categories?post=183074"},{"taxonomy":"post_tag","embeddable":true,"href":"https:\/\/www.sp-ps.ch\/it\/wp-json\/wp\/v2\/tags?post=183074"},{"taxonomy":"cpt-channel","embeddable":true,"href":"https:\/\/www.sp-ps.ch\/it\/wp-json\/wp\/v2\/cpt-channel?post=183074"}],"curies":[{"name":"wp","href":"https:\/\/api.w.org\/{rel}","templated":true}]}}